{"id":3490,"date":"2026-08-19T05:14:32","date_gmt":"2026-08-19T05:14:32","guid":{"rendered":"https:\/\/asz-online.de\/?p=3490"},"modified":"2026-08-19T05:25:51","modified_gmt":"2026-08-19T05:25:51","slug":"azuhbimesse-2026","status":"publish","type":"post","link":"https:\/\/asz-online.de\/index.php\/2026\/08\/19\/azuhbimesse-2026\/","title":{"rendered":"AZUHBIMESSE  2026"},"content":{"rendered":"<p>Noch keine Pl\u00e4ne f\u00fcr die Zukunft? Auch in diesem Jahr besteht wieder die M\u00f6glichkeit, unser Unternehmen auf der AZUHBIMESSE am 11. September in der Landgemeinde Unstrut-Hainich besser kennenzulernen.<\/p>\n<figure style=\"width: 768px\" class=\"wp-caption alignnone\"><a href=\"https:\/\/asz-online.de\/wp-content\/uploads\/2026\/08\/azuhbi_jason_2.jpg\" target=\"_blank\" rel=\"noopener\"><img decoding=\"async\" loading=\"lazy\" class=\"wp-image-3487 size-full\" src=\"https:\/\/asz-online.de\/wp-content\/uploads\/2026\/08\/azuhbi_jason_1.jpg\" alt=\"\" width=\"768\" height=\"727\" srcset=\"https:\/\/asz-online.de\/wp-content\/uploads\/2026\/08\/azuhbi_jason_1.jpg 768w, https:\/\/asz-online.de\/wp-content\/uploads\/2026\/08\/azuhbi_jason_1-300x284.jpg 300w\" sizes=\"(max-width: 767px) 89vw, (max-width: 1000px) 54vw, (max-width: 1071px) 543px, 580px\" \/><\/a><figcaption class=\"wp-caption-text\">Zum Vergr\u00f6\u00dfern bitte anklicken.<\/figcaption><\/figure>\n<p>&nbsp;<\/p>\n<p><a href=\"https:\/\/azuhbi.de\" target=\"_blank\" rel=\"noopener\"><img decoding=\"async\" loading=\"lazy\" class=\"alignnone wp-image-3485\" src=\"https:\/\/asz-online.de\/wp-content\/uploads\/2026\/08\/azuhbi_2026_2.png\" alt=\"\" width=\"192\" height=\"270\" \/><\/a><\/p>\n","protected":false},"excerpt":{"rendered":"<p>Noch keine Pl\u00e4ne f\u00fcr die Zukunft? Auch in diesem Jahr besteht wieder die M\u00f6glichkeit, unser Unternehmen auf der AZUHBIMESSE am 11. September in der Landgemeinde Unstrut-Hainich besser kennenzulernen. &nbsp;<\/p>\n","protected":false},"author":2,"featured_media":0,"comment_status":"closed","ping_status":"open","sticky":false,"template":"","format":"standard","meta":[],"categories":[1],"tags":[],"_links":{"self":[{"href":"https:\/\/asz-online.de\/index.php\/wp-json\/wp\/v2\/posts\/3490"}],"collection":[{"href":"https:\/\/asz-online.de\/index.php\/wp-json\/wp\/v2\/posts"}],"about":[{"href":"https:\/\/asz-online.de\/index.php\/wp-json\/wp\/v2\/types\/post"}],"author":[{"embeddable":true,"href":"https:\/\/asz-online.de\/index.php\/wp-json\/wp\/v2\/users\/2"}],"replies":[{"embeddable":true,"href":"https:\/\/asz-online.de\/index.php\/wp-json\/wp\/v2\/comments?post=3490"}],"version-history":[{"count":5,"href":"https:\/\/asz-online.de\/index.php\/wp-json\/wp\/v2\/posts\/3490\/revisions"}],"predecessor-version":[{"id":3497,"href":"https:\/\/asz-online.de\/index.php\/wp-json\/wp\/v2\/posts\/3490\/revisions\/3497"}],"wp:attachment":[{"href":"https:\/\/asz-online.de\/index.php\/wp-json\/wp\/v2\/media?parent=3490"}],"wp:term":[{"taxonomy":"category","embeddable":true,"href":"https:\/\/asz-online.de\/index.php\/wp-json\/wp\/v2\/categories?post=3490"},{"taxonomy":"post_tag","embeddable":true,"href":"https:\/\/asz-online.de\/index.php\/wp-json\/wp\/v2\/tags?post=3490"}],"curies":[{"name":"wp","href":"https:\/\/api.w.org\/{rel}","templated":true}]}}